{"id":63050,"date":"2026-02-13T15:42:59","date_gmt":"2026-02-13T14:42:59","guid":{"rendered":"https:\/\/www.sosa.cat\/?p=63050"},"modified":"2026-02-13T15:43:01","modified_gmt":"2026-02-13T14:43:01","slug":"bake-snack-2026","status":"publish","type":"post","link":"https:\/\/www.sosa.cat\/ca\/bake-snack-2026\/","title":{"rendered":"Bake &amp; Snack 2026"},"content":{"rendered":"\n<p>Del 18 al 21 de gener vam participar a <strong>Bake &amp; Snack<\/strong>, celebrat al <em>Parc des Expositions Porte de Versailles<\/em> a Par\u00eds, una trobada professional clau per al sector de la fleca, la pastisseria i el &#8216;snacking&#8217; europeu. Aquest tipus d&#8217;esdeveniment ens va permetre compartir coneixement t\u00e8cnic, descobrir tend\u00e8ncies i acostar-nos encara m\u00e9s als professionals que treballen dia a dia en obradors i cuines creatives. <\/p>\n\n<p>La nostra pres\u00e8ncia es va centrar a oferir experi\u00e8ncies reals de producte i t\u00e8cnica, demostrant com els ingredients funcionals es poden integrar en propostes actuals d&#8217;alt valor gastron\u00f2mic.<\/p>\n\n<h2 class=\"wp-block-heading\">Valrhona Selection i Fika Time<\/h2>\n\n<div class=\"wp-block-columns is-layout-flex wp-container-core-columns-is-layout-28f84493 wp-block-columns-is-layout-flex\">\n<div class=\"wp-block-column is-layout-flow wp-block-column-is-layout-flow\">\n<p>Durant els quatre dies de fira vam ser presents a l&#8217;estand M6, juntament amb Valrhona Selection, on vam presentar elaboracions sota el concepte <strong>Fika Time,<\/strong> una pausa creativa pensada per al gaudi conscient dins del ritme professional.<\/p>\n\n\n\n<p>La nostra proposta va combinar <strong>degustacions t\u00e8cniques, presentacions de producte i inspiraci\u00f3 aplicada a formats reals de restauraci\u00f3, <\/strong>demostrant com la innovaci\u00f3 pot conviure amb la practicitat en entorns professionals exigents.<\/p>\n\n\n\n<p>\ud83d\udc49 Podeu aprofundir en aquest concepte aqu\u00ed:  <\/p>\n\n\n\n<div class=\"wp-block-buttons is-content-justification-center is-layout-flex wp-container-core-buttons-is-layout-a89b3969 wp-block-buttons-is-layout-flex\">\n<div class=\"wp-block-button\"><a class=\"wp-block-button__link wp-element-button\" href=\"https:\/\/www.sosa.cat\/ca\/brioixeria-forn-fikatime\/\">FIKA TIME<\/a><\/div>\n<\/div>\n<\/div>\n\n\n\n<div class=\"wp-block-column is-layout-flow wp-block-column-is-layout-flow\">\n<figure class=\"wp-block-image size-large\"><img fetchpriority=\"high\" decoding=\"async\" width=\"1024\" height=\"1024\" src=\"https:\/\/www.sosa.cat\/wp-content\/uploads\/2026\/02\/bake-snack-sosa-1024x1024.png\" alt=\"\" class=\"wp-image-63024\" srcset=\"https:\/\/www.sosa.cat\/wp-content\/uploads\/2026\/02\/bake-snack-sosa-1024x1024.png 1024w, https:\/\/www.sosa.cat\/wp-content\/uploads\/2026\/02\/bake-snack-sosa-300x300.png 300w, https:\/\/www.sosa.cat\/wp-content\/uploads\/2026\/02\/bake-snack-sosa-150x150.png 150w, https:\/\/www.sosa.cat\/wp-content\/uploads\/2026\/02\/bake-snack-sosa-768x768.png 768w, https:\/\/www.sosa.cat\/wp-content\/uploads\/2026\/02\/bake-snack-sosa.png 1080w\" sizes=\"(max-width: 1024px) 100vw, 1024px\" \/><\/figure>\n<\/div>\n<\/div>\n\n<p><\/p>\n\n<h2 class=\"wp-block-heading\">Patrocini i participaci\u00f3 a la Coupe du Monde de la P\u00e2tisserie \u2013 Selecci\u00f3 Europea<\/h2>\n\n<div class=\"wp-block-columns is-layout-flex wp-container-core-columns-is-layout-28f84493 wp-block-columns-is-layout-flex\">\n<div class=\"wp-block-column is-layout-flow wp-block-column-is-layout-flow\">\n<p>Durant els dies 18 i 19 de gener va tenir lloc la <strong>Selecci\u00f3 Europea de la CMP 2026,<\/strong> una de les competicions m\u00e9s rellevants per a la pastisseria internacional. Els pa\u00efsos participants van ser <em>B\u00e8lgica, Fran\u00e7a, It\u00e0lia, Pa\u00efsos Baixos, Espanya, Su\u00e8cia, Su\u00efssa, Ucra\u00efna i Regne Unit.<\/em> <\/p>\n\n\n\n<p>La fase europea \u00e9s el gran pas previ cap a la <strong>Gran Final de la Coupe du Monde de la P\u00e2tisserie,<\/strong> que se celebrar\u00e0 el gener de 2027 durant el sal\u00f3 internacional <strong>Sirha Lyon.<\/strong> En aquesta etapa es defineixen molts dels equips que competiran pel t\u00edtol mundial, cosa que converteix la selecci\u00f3 en una aut\u00e8ntica avantsala de l&#8217;elit pastissera internacional.  <\/p>\n\n\n\n<p>Per als professionals suposa una oportunitat \u00fanica de validar t\u00e8cniques, perfeccionar estrat\u00e8gies de competici\u00f3 i mesurar el pols creatiu del sector a escala global, en un entorn on la precisi\u00f3 t\u00e8cnica i la innovaci\u00f3 marquen la difer\u00e8ncia.<\/p>\n<\/div>\n\n\n\n<div class=\"wp-block-column is-layout-flow wp-block-column-is-layout-flow\">\n<figure class=\"wp-block-image size-large\"><img decoding=\"async\" width=\"1024\" height=\"1024\" src=\"https:\/\/www.sosa.cat\/wp-content\/uploads\/2026\/02\/bake-snack-proglacace-1024x1024.png\" alt=\"\" class=\"wp-image-63032\" srcset=\"https:\/\/www.sosa.cat\/wp-content\/uploads\/2026\/02\/bake-snack-proglacace-1024x1024.png 1024w, https:\/\/www.sosa.cat\/wp-content\/uploads\/2026\/02\/bake-snack-proglacace-300x300.png 300w, https:\/\/www.sosa.cat\/wp-content\/uploads\/2026\/02\/bake-snack-proglacace-150x150.png 150w, https:\/\/www.sosa.cat\/wp-content\/uploads\/2026\/02\/bake-snack-proglacace-768x768.png 768w, https:\/\/www.sosa.cat\/wp-content\/uploads\/2026\/02\/bake-snack-proglacace.png 1080w\" sizes=\"(max-width: 1024px) 100vw, 1024px\" \/><\/figure>\n<\/div>\n<\/div>\n\n<p><strong>Com a patrocinadors, <\/strong>reafirmem el nostre comprom\u00eds amb l&#8217;evoluci\u00f3 t\u00e8cnica del sector i amb l&#8217;impuls al talent professional. Aquesta competici\u00f3 representa una plataforma clau per a la innovaci\u00f3, l&#8217;excel\u00b7l\u00e8ncia t\u00e8cnica i el desenvolupament de noves generacions de pastissers. <\/p>\n\n<h3 class=\"wp-block-heading\">Resultats de la Selecci\u00f3 Europea CMP 2026<\/h3>\n\n<p>La competici\u00f3 va destacar pel seu alt nivell t\u00e8cnic i creatiu. Els resultats finals van ser:<br\/>\u2022 \ud83e\udd47 Fran\u00e7a<br\/>\u2022 \ud83e\udd48 B\u00e8lgica<br\/>\u2022 \ud83e\udd49 It\u00e0lia <\/p>\n\n<p>A la gran final tamb\u00e9 hi assistir\u00e0 la <strong>Selecci\u00f3 d&#8217;Espanya,<\/strong> que ha rebut un passi <em>Wild Card<\/em> per part de l&#8217;organitzaci\u00f3. Tot i que l&#8217;equip no va presentar una feina amb opcions clares de vict\u00f2ria en aquesta fase, va oferir una imatge s\u00f2lida amb propostes arriscades i molt ben estudiades. Va ser evident l&#8217;esfor\u00e7 darrere del projecte, les moltes hores de preparaci\u00f3 i la col\u00b7laboraci\u00f3 amb professionals de diferents disciplines.  <\/p>\n\n<p>La confirmaci\u00f3 d&#8217;aquest passi obre ara una nova oportunitat per revisar, ajustar i refor\u00e7ar aquells aspectes necessaris amb l&#8217;objectiu de fer un salt qualitatiu a la final i augmentar les possibilitats d&#8217;\u00e8xit de l&#8217;equip espanyol.<\/p>\n\n<h3 class=\"wp-block-heading\">Una trobada per compartir t\u00e8cnica, comunitat i innovaci\u00f3<\/h3>\n\n<p><strong>Bake &amp; Snack 2026<\/strong> va ser una oportunitat per refor\u00e7ar vincles amb professionals, compartir coneixement aplicat i continuar desenvolupant solucions t\u00e8cniques alineades amb les necessitats reals del sector gastron\u00f2mic. El nostre pas per Par\u00eds reafirma el comprom\u00eds amb la innovaci\u00f3 responsable, la formaci\u00f3 cont\u00ednua i la construcci\u00f3 d&#8217;una comunitat culin\u00e0ria cada vegada m\u00e9s s\u00f2lida. <\/p>\n\n<p><\/p>\n","protected":false},"excerpt":{"rendered":"<p>Del 18 al 21 de gener vam participar a Bake &amp; Snack, celebrat al Parc des Expositions Porte de Versailles a Par\u00eds, una trobada professional clau per al sector de la fleca, la pastisseria i el &#8216;snacking&#8217; europeu. Aquest tipus d&#8217;esdeveniment ens va permetre compartir coneixement t\u00e8cnic, descobrir tend\u00e8ncies i acostar-nos encara m\u00e9s als professionals [&hellip;]<\/p>\n","protected":false},"author":7,"featured_media":63020,"comment_status":"open","ping_status":"open","sticky":false,"template":"","format":"standard","meta":{"_acf_changed":false,"inline_featured_image":false,"footnotes":""},"categories":[963],"tags":[],"class_list":["post-63050","post","type-post","status-publish","format-standard","has-post-thumbnail","hentry","category-blog"],"acf":[],"yoast_head":"<!-- This site is optimized with the Yoast SEO plugin v27.4 - https:\/\/yoast.com\/product\/yoast-seo-wordpress\/ -->\n<title>Bake &amp; Snack 2026 - Sosa<\/title>\n<meta name=\"description\" content=\"Del 18 al 21 de gener vam participar a Bake &amp; Snack i vam viure intensament el nostre patrocini de la Selecci\u00f3 Europea de la CMP.\" \/>\n<meta name=\"robots\" content=\"index, follow, max-snippet:-1, max-image-preview:large, max-video-preview:-1\" \/>\n<link rel=\"canonical\" href=\"https:\/\/www.sosa.cat\/ca\/bake-snack-2026\/\" \/>\n<meta property=\"og:locale\" content=\"ca_ES\" \/>\n<meta property=\"og:type\" content=\"article\" \/>\n<meta property=\"og:title\" content=\"Bake &amp; Snack 2026 - Sosa\" \/>\n<meta property=\"og:description\" content=\"Del 18 al 21 de gener vam participar a Bake &amp; Snack i vam viure intensament el nostre patrocini de la Selecci\u00f3 Europea de la CMP.\" \/>\n<meta property=\"og:url\" content=\"https:\/\/www.sosa.cat\/ca\/bake-snack-2026\/\" \/>\n<meta property=\"og:site_name\" content=\"Sosa\" \/>\n<meta property=\"article:publisher\" content=\"https:\/\/www.facebook.com\/SosaIngredients\/\" \/>\n<meta property=\"article:published_time\" content=\"2026-02-13T14:42:59+00:00\" \/>\n<meta property=\"article:modified_time\" content=\"2026-02-13T14:43:01+00:00\" \/>\n<meta property=\"og:image\" content=\"https:\/\/www.sosa.cat\/wp-content\/uploads\/2026\/02\/fika-time-bakery-snack-sosa.png\" \/>\n\t<meta property=\"og:image:width\" content=\"1280\" \/>\n\t<meta property=\"og:image:height\" content=\"720\" \/>\n\t<meta property=\"og:image:type\" content=\"image\/png\" \/>\n<meta name=\"author\" content=\"gabriela.bernal\" \/>\n<meta name=\"twitter:card\" content=\"summary_large_image\" \/>\n<meta name=\"twitter:label1\" content=\"Escrit per\" \/>\n\t<meta name=\"twitter:data1\" content=\"gabriela.bernal\" \/>\n\t<meta name=\"twitter:label2\" content=\"Temps estimat de lectura\" \/>\n\t<meta name=\"twitter:data2\" content=\"3 minut\" \/>\n<script type=\"application\/ld+json\" class=\"yoast-schema-graph\">{\"@context\":\"https:\\\/\\\/schema.org\",\"@graph\":[{\"@type\":\"Article\",\"@id\":\"https:\\\/\\\/www.sosa.cat\\\/ca\\\/bake-snack-2026\\\/#article\",\"isPartOf\":{\"@id\":\"https:\\\/\\\/www.sosa.cat\\\/ca\\\/bake-snack-2026\\\/\"},\"author\":{\"name\":\"gabriela.bernal\",\"@id\":\"https:\\\/\\\/www.sosa.cat\\\/ca\\\/#\\\/schema\\\/person\\\/4ed1bea25149301e66d0930276ab2e7f\"},\"headline\":\"Bake &amp; Snack 2026\",\"datePublished\":\"2026-02-13T14:42:59+00:00\",\"dateModified\":\"2026-02-13T14:43:01+00:00\",\"mainEntityOfPage\":{\"@id\":\"https:\\\/\\\/www.sosa.cat\\\/ca\\\/bake-snack-2026\\\/\"},\"wordCount\":621,\"commentCount\":0,\"publisher\":{\"@id\":\"https:\\\/\\\/www.sosa.cat\\\/ca\\\/#organization\"},\"image\":{\"@id\":\"https:\\\/\\\/www.sosa.cat\\\/ca\\\/bake-snack-2026\\\/#primaryimage\"},\"thumbnailUrl\":\"https:\\\/\\\/www.sosa.cat\\\/wp-content\\\/uploads\\\/2026\\\/02\\\/fika-time-bakery-snack-sosa.png\",\"articleSection\":[\"blog\"],\"inLanguage\":\"ca\",\"potentialAction\":[{\"@type\":\"CommentAction\",\"name\":\"Comment\",\"target\":[\"https:\\\/\\\/www.sosa.cat\\\/ca\\\/bake-snack-2026\\\/#respond\"]}]},{\"@type\":\"WebPage\",\"@id\":\"https:\\\/\\\/www.sosa.cat\\\/ca\\\/bake-snack-2026\\\/\",\"url\":\"https:\\\/\\\/www.sosa.cat\\\/ca\\\/bake-snack-2026\\\/\",\"name\":\"Bake &amp; Snack 2026 - Sosa\",\"isPartOf\":{\"@id\":\"https:\\\/\\\/www.sosa.cat\\\/ca\\\/#website\"},\"primaryImageOfPage\":{\"@id\":\"https:\\\/\\\/www.sosa.cat\\\/ca\\\/bake-snack-2026\\\/#primaryimage\"},\"image\":{\"@id\":\"https:\\\/\\\/www.sosa.cat\\\/ca\\\/bake-snack-2026\\\/#primaryimage\"},\"thumbnailUrl\":\"https:\\\/\\\/www.sosa.cat\\\/wp-content\\\/uploads\\\/2026\\\/02\\\/fika-time-bakery-snack-sosa.png\",\"datePublished\":\"2026-02-13T14:42:59+00:00\",\"dateModified\":\"2026-02-13T14:43:01+00:00\",\"description\":\"Del 18 al 21 de gener vam participar a Bake & Snack i vam viure intensament el nostre patrocini de la Selecci\u00f3 Europea de la CMP.\",\"breadcrumb\":{\"@id\":\"https:\\\/\\\/www.sosa.cat\\\/ca\\\/bake-snack-2026\\\/#breadcrumb\"},\"inLanguage\":\"ca\",\"potentialAction\":[{\"@type\":\"ReadAction\",\"target\":[\"https:\\\/\\\/www.sosa.cat\\\/ca\\\/bake-snack-2026\\\/\"]}]},{\"@type\":\"ImageObject\",\"inLanguage\":\"ca\",\"@id\":\"https:\\\/\\\/www.sosa.cat\\\/ca\\\/bake-snack-2026\\\/#primaryimage\",\"url\":\"https:\\\/\\\/www.sosa.cat\\\/wp-content\\\/uploads\\\/2026\\\/02\\\/fika-time-bakery-snack-sosa.png\",\"contentUrl\":\"https:\\\/\\\/www.sosa.cat\\\/wp-content\\\/uploads\\\/2026\\\/02\\\/fika-time-bakery-snack-sosa.png\",\"width\":1280,\"height\":720},{\"@type\":\"BreadcrumbList\",\"@id\":\"https:\\\/\\\/www.sosa.cat\\\/ca\\\/bake-snack-2026\\\/#breadcrumb\",\"itemListElement\":[{\"@type\":\"ListItem\",\"position\":1,\"name\":\"Inici\",\"item\":\"https:\\\/\\\/www.sosa.cat\\\/ca\\\/inici\\\/\"},{\"@type\":\"ListItem\",\"position\":2,\"name\":\"blog\",\"item\":\"https:\\\/\\\/www.sosa.cat\\\/ca\\\/category\\\/blog\\\/\"},{\"@type\":\"ListItem\",\"position\":3,\"name\":\"Bake &amp; Snack 2026\"}]},{\"@type\":\"WebSite\",\"@id\":\"https:\\\/\\\/www.sosa.cat\\\/ca\\\/#website\",\"url\":\"https:\\\/\\\/www.sosa.cat\\\/ca\\\/\",\"name\":\"Sosa Ingredients\",\"description\":\"\",\"publisher\":{\"@id\":\"https:\\\/\\\/www.sosa.cat\\\/ca\\\/#organization\"},\"potentialAction\":[{\"@type\":\"SearchAction\",\"target\":{\"@type\":\"EntryPoint\",\"urlTemplate\":\"https:\\\/\\\/www.sosa.cat\\\/ca\\\/?s={search_term_string}\"},\"query-input\":{\"@type\":\"PropertyValueSpecification\",\"valueRequired\":true,\"valueName\":\"search_term_string\"}}],\"inLanguage\":\"ca\"},{\"@type\":\"Organization\",\"@id\":\"https:\\\/\\\/www.sosa.cat\\\/ca\\\/#organization\",\"name\":\"SOSA\",\"url\":\"https:\\\/\\\/www.sosa.cat\\\/ca\\\/\",\"logo\":{\"@type\":\"ImageObject\",\"inLanguage\":\"ca\",\"@id\":\"https:\\\/\\\/www.sosa.cat\\\/ca\\\/#\\\/schema\\\/logo\\\/image\\\/\",\"url\":\"https:\\\/\\\/www.sosa.cat\\\/wp-content\\\/uploads\\\/2024\\\/11\\\/logo_sosa_big.png\",\"contentUrl\":\"https:\\\/\\\/www.sosa.cat\\\/wp-content\\\/uploads\\\/2024\\\/11\\\/logo_sosa_big.png\",\"width\":258,\"height\":260,\"caption\":\"SOSA\"},\"image\":{\"@id\":\"https:\\\/\\\/www.sosa.cat\\\/ca\\\/#\\\/schema\\\/logo\\\/image\\\/\"},\"sameAs\":[\"https:\\\/\\\/www.facebook.com\\\/SosaIngredients\\\/\",\"https:\\\/\\\/www.instagram.com\\\/sosaingredients\\\/\",\"https:\\\/\\\/www.youtube.com\\\/SosaIngredients\",\"https:\\\/\\\/www.linkedin.com\\\/company\\\/sosa-ingredients\\\/\"]},{\"@type\":\"Person\",\"@id\":\"https:\\\/\\\/www.sosa.cat\\\/ca\\\/#\\\/schema\\\/person\\\/4ed1bea25149301e66d0930276ab2e7f\",\"name\":\"gabriela.bernal\",\"image\":{\"@type\":\"ImageObject\",\"inLanguage\":\"ca\",\"@id\":\"https:\\\/\\\/secure.gravatar.com\\\/avatar\\\/6e80ba8a232ce6da0df7ce40f6df4172c84f7391469d4a31d7deac4d6e88134f?s=96&d=mm&r=g\",\"url\":\"https:\\\/\\\/secure.gravatar.com\\\/avatar\\\/6e80ba8a232ce6da0df7ce40f6df4172c84f7391469d4a31d7deac4d6e88134f?s=96&d=mm&r=g\",\"contentUrl\":\"https:\\\/\\\/secure.gravatar.com\\\/avatar\\\/6e80ba8a232ce6da0df7ce40f6df4172c84f7391469d4a31d7deac4d6e88134f?s=96&d=mm&r=g\",\"caption\":\"gabriela.bernal\"}}]}<\/script>\n<!-- \/ Yoast SEO plugin. -->","yoast_head_json":{"title":"Bake &amp; Snack 2026 - Sosa","description":"Del 18 al 21 de gener vam participar a Bake & Snack i vam viure intensament el nostre patrocini de la Selecci\u00f3 Europea de la CMP.","robots":{"index":"index","follow":"follow","max-snippet":"max-snippet:-1","max-image-preview":"max-image-preview:large","max-video-preview":"max-video-preview:-1"},"canonical":"https:\/\/www.sosa.cat\/ca\/bake-snack-2026\/","og_locale":"ca_ES","og_type":"article","og_title":"Bake &amp; Snack 2026 - Sosa","og_description":"Del 18 al 21 de gener vam participar a Bake & Snack i vam viure intensament el nostre patrocini de la Selecci\u00f3 Europea de la CMP.","og_url":"https:\/\/www.sosa.cat\/ca\/bake-snack-2026\/","og_site_name":"Sosa","article_publisher":"https:\/\/www.facebook.com\/SosaIngredients\/","article_published_time":"2026-02-13T14:42:59+00:00","article_modified_time":"2026-02-13T14:43:01+00:00","og_image":[{"width":1280,"height":720,"url":"https:\/\/www.sosa.cat\/wp-content\/uploads\/2026\/02\/fika-time-bakery-snack-sosa.png","type":"image\/png"}],"author":"gabriela.bernal","twitter_card":"summary_large_image","twitter_misc":{"Escrit per":"gabriela.bernal","Temps estimat de lectura":"3 minut"},"schema":{"@context":"https:\/\/schema.org","@graph":[{"@type":"Article","@id":"https:\/\/www.sosa.cat\/ca\/bake-snack-2026\/#article","isPartOf":{"@id":"https:\/\/www.sosa.cat\/ca\/bake-snack-2026\/"},"author":{"name":"gabriela.bernal","@id":"https:\/\/www.sosa.cat\/ca\/#\/schema\/person\/4ed1bea25149301e66d0930276ab2e7f"},"headline":"Bake &amp; Snack 2026","datePublished":"2026-02-13T14:42:59+00:00","dateModified":"2026-02-13T14:43:01+00:00","mainEntityOfPage":{"@id":"https:\/\/www.sosa.cat\/ca\/bake-snack-2026\/"},"wordCount":621,"commentCount":0,"publisher":{"@id":"https:\/\/www.sosa.cat\/ca\/#organization"},"image":{"@id":"https:\/\/www.sosa.cat\/ca\/bake-snack-2026\/#primaryimage"},"thumbnailUrl":"https:\/\/www.sosa.cat\/wp-content\/uploads\/2026\/02\/fika-time-bakery-snack-sosa.png","articleSection":["blog"],"inLanguage":"ca","potentialAction":[{"@type":"CommentAction","name":"Comment","target":["https:\/\/www.sosa.cat\/ca\/bake-snack-2026\/#respond"]}]},{"@type":"WebPage","@id":"https:\/\/www.sosa.cat\/ca\/bake-snack-2026\/","url":"https:\/\/www.sosa.cat\/ca\/bake-snack-2026\/","name":"Bake &amp; Snack 2026 - Sosa","isPartOf":{"@id":"https:\/\/www.sosa.cat\/ca\/#website"},"primaryImageOfPage":{"@id":"https:\/\/www.sosa.cat\/ca\/bake-snack-2026\/#primaryimage"},"image":{"@id":"https:\/\/www.sosa.cat\/ca\/bake-snack-2026\/#primaryimage"},"thumbnailUrl":"https:\/\/www.sosa.cat\/wp-content\/uploads\/2026\/02\/fika-time-bakery-snack-sosa.png","datePublished":"2026-02-13T14:42:59+00:00","dateModified":"2026-02-13T14:43:01+00:00","description":"Del 18 al 21 de gener vam participar a Bake & Snack i vam viure intensament el nostre patrocini de la Selecci\u00f3 Europea de la CMP.","breadcrumb":{"@id":"https:\/\/www.sosa.cat\/ca\/bake-snack-2026\/#breadcrumb"},"inLanguage":"ca","potentialAction":[{"@type":"ReadAction","target":["https:\/\/www.sosa.cat\/ca\/bake-snack-2026\/"]}]},{"@type":"ImageObject","inLanguage":"ca","@id":"https:\/\/www.sosa.cat\/ca\/bake-snack-2026\/#primaryimage","url":"https:\/\/www.sosa.cat\/wp-content\/uploads\/2026\/02\/fika-time-bakery-snack-sosa.png","contentUrl":"https:\/\/www.sosa.cat\/wp-content\/uploads\/2026\/02\/fika-time-bakery-snack-sosa.png","width":1280,"height":720},{"@type":"BreadcrumbList","@id":"https:\/\/www.sosa.cat\/ca\/bake-snack-2026\/#breadcrumb","itemListElement":[{"@type":"ListItem","position":1,"name":"Inici","item":"https:\/\/www.sosa.cat\/ca\/inici\/"},{"@type":"ListItem","position":2,"name":"blog","item":"https:\/\/www.sosa.cat\/ca\/category\/blog\/"},{"@type":"ListItem","position":3,"name":"Bake &amp; Snack 2026"}]},{"@type":"WebSite","@id":"https:\/\/www.sosa.cat\/ca\/#website","url":"https:\/\/www.sosa.cat\/ca\/","name":"Sosa Ingredients","description":"","publisher":{"@id":"https:\/\/www.sosa.cat\/ca\/#organization"},"potentialAction":[{"@type":"SearchAction","target":{"@type":"EntryPoint","urlTemplate":"https:\/\/www.sosa.cat\/ca\/?s={search_term_string}"},"query-input":{"@type":"PropertyValueSpecification","valueRequired":true,"valueName":"search_term_string"}}],"inLanguage":"ca"},{"@type":"Organization","@id":"https:\/\/www.sosa.cat\/ca\/#organization","name":"SOSA","url":"https:\/\/www.sosa.cat\/ca\/","logo":{"@type":"ImageObject","inLanguage":"ca","@id":"https:\/\/www.sosa.cat\/ca\/#\/schema\/logo\/image\/","url":"https:\/\/www.sosa.cat\/wp-content\/uploads\/2024\/11\/logo_sosa_big.png","contentUrl":"https:\/\/www.sosa.cat\/wp-content\/uploads\/2024\/11\/logo_sosa_big.png","width":258,"height":260,"caption":"SOSA"},"image":{"@id":"https:\/\/www.sosa.cat\/ca\/#\/schema\/logo\/image\/"},"sameAs":["https:\/\/www.facebook.com\/SosaIngredients\/","https:\/\/www.instagram.com\/sosaingredients\/","https:\/\/www.youtube.com\/SosaIngredients","https:\/\/www.linkedin.com\/company\/sosa-ingredients\/"]},{"@type":"Person","@id":"https:\/\/www.sosa.cat\/ca\/#\/schema\/person\/4ed1bea25149301e66d0930276ab2e7f","name":"gabriela.bernal","image":{"@type":"ImageObject","inLanguage":"ca","@id":"https:\/\/secure.gravatar.com\/avatar\/6e80ba8a232ce6da0df7ce40f6df4172c84f7391469d4a31d7deac4d6e88134f?s=96&d=mm&r=g","url":"https:\/\/secure.gravatar.com\/avatar\/6e80ba8a232ce6da0df7ce40f6df4172c84f7391469d4a31d7deac4d6e88134f?s=96&d=mm&r=g","contentUrl":"https:\/\/secure.gravatar.com\/avatar\/6e80ba8a232ce6da0df7ce40f6df4172c84f7391469d4a31d7deac4d6e88134f?s=96&d=mm&r=g","caption":"gabriela.bernal"}}]}},"_links":{"self":[{"href":"https:\/\/www.sosa.cat\/ca\/wp-json\/wp\/v2\/posts\/63050","targetHints":{"allow":["GET"]}}],"collection":[{"href":"https:\/\/www.sosa.cat\/ca\/wp-json\/wp\/v2\/posts"}],"about":[{"href":"https:\/\/www.sosa.cat\/ca\/wp-json\/wp\/v2\/types\/post"}],"author":[{"embeddable":true,"href":"https:\/\/www.sosa.cat\/ca\/wp-json\/wp\/v2\/users\/7"}],"replies":[{"embeddable":true,"href":"https:\/\/www.sosa.cat\/ca\/wp-json\/wp\/v2\/comments?post=63050"}],"version-history":[{"count":3,"href":"https:\/\/www.sosa.cat\/ca\/wp-json\/wp\/v2\/posts\/63050\/revisions"}],"predecessor-version":[{"id":63057,"href":"https:\/\/www.sosa.cat\/ca\/wp-json\/wp\/v2\/posts\/63050\/revisions\/63057"}],"wp:featuredmedia":[{"embeddable":true,"href":"https:\/\/www.sosa.cat\/ca\/wp-json\/wp\/v2\/media\/63020"}],"wp:attachment":[{"href":"https:\/\/www.sosa.cat\/ca\/wp-json\/wp\/v2\/media?parent=63050"}],"wp:term":[{"taxonomy":"category","embeddable":true,"href":"https:\/\/www.sosa.cat\/ca\/wp-json\/wp\/v2\/categories?post=63050"},{"taxonomy":"post_tag","embeddable":true,"href":"https:\/\/www.sosa.cat\/ca\/wp-json\/wp\/v2\/tags?post=63050"}],"curies":[{"name":"wp","href":"https:\/\/api.w.org\/{rel}","templated":true}]}}