{"id":59403,"date":"2025-12-05T12:29:43","date_gmt":"2025-12-05T11:29:43","guid":{"rendered":"https:\/\/www.sosa.cat\/seleccion-europea-cmp2026\/"},"modified":"2025-12-05T14:18:09","modified_gmt":"2025-12-05T13:18:09","slug":"seleccio-europea-cmp2026","status":"publish","type":"post","link":"https:\/\/www.sosa.cat\/ca\/seleccio-europea-cmp2026\/","title":{"rendered":"La nostra participaci\u00f3 en la Selecci\u00f3 Europea 2026 de la Coupe du Monde de la P\u00e2tisserie"},"content":{"rendered":"\n<p>Com a empresa especialitzada en ingredients pr\u00e8mium per a la gastronomia i, molt especialment, per a la pastisseria professional, fa anys que donem suport al talent que dona forma al futur del sector. El nostre comprom\u00eds amb la innovaci\u00f3, la t\u00e8cnica i el desenvolupament de la pastisseria contempor\u00e0nia ens ha portat a ser patrocinadors oficials de diferents rondes classificat\u00f2ries de la <strong>Coupe du Monde de la P\u00e2tisserie (CMP),<\/strong> un dels escenaris m\u00e9s rellevants a nivell internacional per a la creativitat pastissera. <\/p>\n\n<p>En aquesta ocasi\u00f3, ens enorgulleix anunciar la nostra participaci\u00f3 com a <strong>Patrocinadors Premium<\/strong> de <em>la Selecci\u00f3 Europea<\/em> de la <strong>CMP,<\/strong> que se celebrar\u00e0 els dies 18 i 19 de gener de 2026, en el marc de <strong>Sirha Bake &amp; Snack<\/strong>, un esdeveniment de refer\u00e8ncia per als professionals de la fleca, la pastisseria i el sector de l&#8217;snacking. Aquesta edici\u00f3 reunir\u00e0 els millors equips del continent en una trobada marcada pel rigor t\u00e8cnic, l&#8217;exig\u00e8ncia creativa i l&#8217;esperit competitiu que caracteritza aquesta copa. <\/p>\n\n<h2 class=\"wp-block-heading\">Els equips que competiran a la Selecci\u00f3 Europea<\/h2>\n\n<div class=\"wp-block-columns is-layout-flex wp-container-core-columns-is-layout-28f84493 wp-block-columns-is-layout-flex\">\n<div class=\"wp-block-column is-layout-flow wp-block-column-is-layout-flow\">\n<p>L&#8217;organitzaci\u00f3 ha confirmat la participaci\u00f3 dels seg\u00fcents pa\u00efsos:<\/p>\n\n\n\n<ul class=\"wp-block-list\">\n<li>B\u00e8lgica.<\/li>\n\n\n\n<li>Fran\u00e7a.<\/li>\n\n\n\n<li>It\u00e0lia.<\/li>\n\n\n\n<li>Pa\u00efsos Baixos.<\/li>\n\n\n\n<li>Espanya.<\/li>\n\n\n\n<li>Su\u00e8cia.<\/li>\n\n\n\n<li>Su\u00efssa.<\/li>\n\n\n\n<li>Ucra\u00efna.<\/li>\n\n\n\n<li>Regne Unit.<\/li>\n<\/ul>\n\n\n\n<p>Cadascun d&#8217;aquests equips arriba a la cita despr\u00e9s de superar les seves respectives seleccions nacionals al llarg de 2025. Els millors candidats competiran a Sirha Bake &amp; Snack per una pla\u00e7a a la gran final mundial, que se celebrar\u00e0 a <strong>Sirha Lyon els dies 22 i 23 de gener de 2027.<\/strong> <\/p>\n\n\n\n<p>Aquesta trobada continental \u00e9s considerada un aut\u00e8ntic trampol\u00ed cap al reconeixement internacional, un escenari on es manifesta l&#8217;excel\u00b7l\u00e8ncia t\u00e8cnica, la precisi\u00f3 en el treball dels ingredients i la sensibilitat art\u00edstica que defineixen la pastisseria europea actual.<\/p>\n<\/div>\n\n\n\n<div class=\"wp-block-column is-layout-flow wp-block-column-is-layout-flow\">\n<figure class=\"wp-block-image size-large\"><img fetchpriority=\"high\" decoding=\"async\" width=\"768\" height=\"1024\" src=\"https:\/\/www.sosa.cat\/wp-content\/uploads\/2025\/12\/paises-europeos-cmp-2026-768x1024.jpg\" alt=\"\" class=\"wp-image-57540\" srcset=\"https:\/\/www.sosa.cat\/wp-content\/uploads\/2025\/12\/paises-europeos-cmp-2026-768x1024.jpg 768w, https:\/\/www.sosa.cat\/wp-content\/uploads\/2025\/12\/paises-europeos-cmp-2026-225x300.jpg 225w, https:\/\/www.sosa.cat\/wp-content\/uploads\/2025\/12\/paises-europeos-cmp-2026.jpg 1080w\" sizes=\"(max-width: 768px) 100vw, 768px\" \/><\/figure>\n<\/div>\n<\/div>\n\n<h2 class=\"wp-block-heading\">La nostra participaci\u00f3 en la classificaci\u00f3 de l&#8217;equip de Fran\u00e7a<\/h2>\n\n<p>Entre les accions pr\u00e8vies a aquesta cita, hem tingut l&#8217;oportunitat de participar de forma activa en la <strong>ronda classificat\u00f2ria de l&#8217;equip de Fran\u00e7a,<\/strong> un dels combinats m\u00e9s emblem\u00e0tics en la hist\u00f2ria de la CMP. El nostre suport s&#8217;ha centrat en la part t\u00e8cnica, la provisi\u00f3 d&#8217;ingredients i l&#8217;acompanyament durant les proves, refor\u00e7ant el nostre comprom\u00eds amb la transmissi\u00f3 de coneixement i l&#8217;evoluci\u00f3 de la pastisseria d&#8217;alt nivell. <\/p>\n\n<p>Si voleu con\u00e8ixer en profunditat com va ser la competici\u00f3 francesa i qui van ser els escollits per representar el pa\u00eds, hem preparat un article complet que podeu <a href=\"https:\/\/www.sosa.cat\/ca\/seleccion-francia-cmp-2027\/\" target=\"_blank\" rel=\"noreferrer noopener\">llegir aqu\u00ed<\/a><\/p>\n\n<h2 class=\"wp-block-heading\">El nostre suport a l&#8217;equip d&#8217;Espanya: una aposta org\u00e0nica i necess\u00e0ria<\/h2>\n\n<div class=\"wp-block-columns is-layout-flex wp-container-core-columns-is-layout-28f84493 wp-block-columns-is-layout-flex\">\n<div class=\"wp-block-column is-layout-flow wp-block-column-is-layout-flow\">\n<p>La participaci\u00f3 d&#8217;<strong>Espanya<\/strong> en aquesta edici\u00f3 t\u00e9 un valor especial. Despr\u00e9s d&#8217;un llarg per\u00edode sense presentar-se, el pa\u00eds torna a la competici\u00f3 amb un equip talent\u00f3s, cohesionat i amb ganes de recuperar pres\u00e8ncia en l&#8217;escenari internacional. Des del primer moment hem volgut oferir-los un suport <strong>org\u00e0nic, proper i coherent amb la nostra missi\u00f3<\/strong> com a empresa.  <\/p>\n\n\n\n<p><em>L&#8217;equip est\u00e0 format per:<\/em><br\/>\u2022<strong> Marcos D\u00edaz,<\/strong> capit\u00e0 i candidat de xocolata.<br\/>\u2022 <strong>Albert Soler,<\/strong> candidat de gel.<br\/>\u2022 <strong>Toni Pons,<\/strong> candidat de sucre.<br\/>\u2022 <strong>Jordi Guillem,<\/strong> delegat de l&#8217;equip.<\/p>\n\n\n\n<p>Per a nosaltres, donar suport a aquests professionals \u00e9s una aposta natural. Espanya compta amb una comunitat pastissera d&#8217;enorme potencial, amb firmes que estan desenvolupant un llenguatge propi basat en la t\u00e8cnica, el sabor i la sensibilitat artesanal. Acompanyar-los en aquest cam\u00ed \u00e9s un honor i una responsabilitat que assumim amb entusiasme.  <\/p>\n<\/div>\n\n\n\n<div class=\"wp-block-column is-layout-flow wp-block-column-is-layout-flow\">\n<figure class=\"wp-block-image size-large\"><img decoding=\"async\" width=\"1024\" height=\"1024\" src=\"https:\/\/www.sosa.cat\/wp-content\/uploads\/2025\/12\/equipo-espana-cmp-1024x1024.png\" alt=\"\" class=\"wp-image-57313\" srcset=\"https:\/\/www.sosa.cat\/wp-content\/uploads\/2025\/12\/equipo-espana-cmp-1024x1024.png 1024w, https:\/\/www.sosa.cat\/wp-content\/uploads\/2025\/12\/equipo-espana-cmp-300x300.png 300w, https:\/\/www.sosa.cat\/wp-content\/uploads\/2025\/12\/equipo-espana-cmp-150x150.png 150w, https:\/\/www.sosa.cat\/wp-content\/uploads\/2025\/12\/equipo-espana-cmp-768x768.png 768w, https:\/\/www.sosa.cat\/wp-content\/uploads\/2025\/12\/equipo-espana-cmp.png 1080w\" sizes=\"(max-width: 1024px) 100vw, 1024px\" \/><\/figure>\n<\/div>\n<\/div>\n\n<h3 class=\"wp-block-heading\">Una cita clau per al futur de la pastisseria europea<\/h3>\n\n<p>La <strong>Selecci\u00f3 Europea 2026<\/strong> ser\u00e0 una trobada vibrant i decisiva, on les t\u00e8cniques avan\u00e7ades, el domini dels ingredients i la creativitat es posaran a prova davant el jurat i el p\u00fablic professional. Els equips competiran per obtenir el seu bitllet cap a la final mundial de 2027, un escenari on l&#8217;elit de la pastisseria internacional es reuneix per mostrar el nivell m\u00e9s alt d&#8217;execuci\u00f3. <\/p>\n\n<p>Des de la nostra empresa continuarem donant suport a iniciatives que impulsin l&#8217;excel\u00b7l\u00e8ncia i la innovaci\u00f3 pastissera, acompanyant tant els equips com els professionals que confien en els nostres ingredients.<\/p>\n\n<p>Molt aviat compartirem m\u00e9s informaci\u00f3 sobre la competici\u00f3, els seus protagonistes i el cam\u00ed cap a la <strong>Coupe du Monde de la P\u00e2tisserie.<\/strong><\/p>\n","protected":false},"excerpt":{"rendered":"<p>Com a empresa especialitzada en ingredients pr\u00e8mium per a la gastronomia i, molt especialment, per a la pastisseria professional, fa anys que donem suport al talent que dona forma al futur del sector. El nostre comprom\u00eds amb la innovaci\u00f3, la t\u00e8cnica i el desenvolupament de la pastisseria contempor\u00e0nia ens ha portat a ser patrocinadors oficials [&hellip;]<\/p>\n","protected":false},"author":7,"featured_media":57324,"comment_status":"open","ping_status":"open","sticky":false,"template":"","format":"standard","meta":{"_acf_changed":false,"inline_featured_image":false,"footnotes":""},"categories":[963],"tags":[],"class_list":["post-59403","post","type-post","status-publish","format-standard","has-post-thumbnail","hentry","category-blog"],"acf":[],"yoast_head":"<!-- This site is optimized with the Yoast SEO plugin v27.4 - https:\/\/yoast.com\/product\/yoast-seo-wordpress\/ -->\n<title>La nostra participaci\u00f3 en la Selecci\u00f3 Europea 2026 de la Coupe du Monde de la P\u00e2tisserie - Sosa<\/title>\n<meta name=\"description\" content=\"Descobriu com donem suport a la selecci\u00f3 europea a la Coupe du Monde de la P\u00e2tisserie, un esdeveniment imprescindible per a la pastisseria.\" \/>\n<meta name=\"robots\" content=\"index, follow, max-snippet:-1, max-image-preview:large, max-video-preview:-1\" \/>\n<link rel=\"canonical\" href=\"https:\/\/www.sosa.cat\/ca\/seleccio-europea-cmp2026\/\" \/>\n<meta property=\"og:locale\" content=\"ca_ES\" \/>\n<meta property=\"og:type\" content=\"article\" \/>\n<meta property=\"og:title\" content=\"La nostra participaci\u00f3 en la Selecci\u00f3 Europea 2026 de la Coupe du Monde de la P\u00e2tisserie - Sosa\" \/>\n<meta property=\"og:description\" content=\"Descobriu com donem suport a la selecci\u00f3 europea a la Coupe du Monde de la P\u00e2tisserie, un esdeveniment imprescindible per a la pastisseria.\" \/>\n<meta property=\"og:url\" content=\"https:\/\/www.sosa.cat\/ca\/seleccio-europea-cmp2026\/\" \/>\n<meta property=\"og:site_name\" content=\"Sosa\" \/>\n<meta property=\"article:publisher\" content=\"https:\/\/www.facebook.com\/SosaIngredients\/\" \/>\n<meta property=\"article:published_time\" content=\"2025-12-05T11:29:43+00:00\" \/>\n<meta property=\"article:modified_time\" content=\"2025-12-05T13:18:09+00:00\" \/>\n<meta property=\"og:image\" content=\"https:\/\/www.sosa.cat\/wp-content\/uploads\/2025\/12\/CMP-Europa-Selection.png\" \/>\n\t<meta property=\"og:image:width\" content=\"1200\" \/>\n\t<meta property=\"og:image:height\" content=\"800\" \/>\n\t<meta property=\"og:image:type\" content=\"image\/png\" \/>\n<meta name=\"author\" content=\"gabriela.bernal\" \/>\n<meta name=\"twitter:card\" content=\"summary_large_image\" \/>\n<meta name=\"twitter:label1\" content=\"Escrit per\" \/>\n\t<meta name=\"twitter:data1\" content=\"gabriela.bernal\" \/>\n\t<meta name=\"twitter:label2\" content=\"Temps estimat de lectura\" \/>\n\t<meta name=\"twitter:data2\" content=\"4 minut\" \/>\n<script type=\"application\/ld+json\" class=\"yoast-schema-graph\">{\"@context\":\"https:\\\/\\\/schema.org\",\"@graph\":[{\"@type\":\"Article\",\"@id\":\"https:\\\/\\\/www.sosa.cat\\\/ca\\\/seleccio-europea-cmp2026\\\/#article\",\"isPartOf\":{\"@id\":\"https:\\\/\\\/www.sosa.cat\\\/ca\\\/seleccio-europea-cmp2026\\\/\"},\"author\":{\"name\":\"gabriela.bernal\",\"@id\":\"https:\\\/\\\/www.sosa.cat\\\/ca\\\/#\\\/schema\\\/person\\\/4ed1bea25149301e66d0930276ab2e7f\"},\"headline\":\"La nostra participaci\u00f3 en la Selecci\u00f3 Europea 2026 de la Coupe du Monde de la P\u00e2tisserie\",\"datePublished\":\"2025-12-05T11:29:43+00:00\",\"dateModified\":\"2025-12-05T13:18:09+00:00\",\"mainEntityOfPage\":{\"@id\":\"https:\\\/\\\/www.sosa.cat\\\/ca\\\/seleccio-europea-cmp2026\\\/\"},\"wordCount\":743,\"commentCount\":0,\"publisher\":{\"@id\":\"https:\\\/\\\/www.sosa.cat\\\/ca\\\/#organization\"},\"image\":{\"@id\":\"https:\\\/\\\/www.sosa.cat\\\/ca\\\/seleccio-europea-cmp2026\\\/#primaryimage\"},\"thumbnailUrl\":\"https:\\\/\\\/www.sosa.cat\\\/wp-content\\\/uploads\\\/2025\\\/12\\\/CMP-Europa-Selection.png\",\"articleSection\":[\"blog\"],\"inLanguage\":\"ca\",\"potentialAction\":[{\"@type\":\"CommentAction\",\"name\":\"Comment\",\"target\":[\"https:\\\/\\\/www.sosa.cat\\\/ca\\\/seleccio-europea-cmp2026\\\/#respond\"]}]},{\"@type\":\"WebPage\",\"@id\":\"https:\\\/\\\/www.sosa.cat\\\/ca\\\/seleccio-europea-cmp2026\\\/\",\"url\":\"https:\\\/\\\/www.sosa.cat\\\/ca\\\/seleccio-europea-cmp2026\\\/\",\"name\":\"La nostra participaci\u00f3 en la Selecci\u00f3 Europea 2026 de la Coupe du Monde de la P\u00e2tisserie - Sosa\",\"isPartOf\":{\"@id\":\"https:\\\/\\\/www.sosa.cat\\\/ca\\\/#website\"},\"primaryImageOfPage\":{\"@id\":\"https:\\\/\\\/www.sosa.cat\\\/ca\\\/seleccio-europea-cmp2026\\\/#primaryimage\"},\"image\":{\"@id\":\"https:\\\/\\\/www.sosa.cat\\\/ca\\\/seleccio-europea-cmp2026\\\/#primaryimage\"},\"thumbnailUrl\":\"https:\\\/\\\/www.sosa.cat\\\/wp-content\\\/uploads\\\/2025\\\/12\\\/CMP-Europa-Selection.png\",\"datePublished\":\"2025-12-05T11:29:43+00:00\",\"dateModified\":\"2025-12-05T13:18:09+00:00\",\"description\":\"Descobriu com donem suport a la selecci\u00f3 europea a la Coupe du Monde de la P\u00e2tisserie, un esdeveniment imprescindible per a la pastisseria.\",\"breadcrumb\":{\"@id\":\"https:\\\/\\\/www.sosa.cat\\\/ca\\\/seleccio-europea-cmp2026\\\/#breadcrumb\"},\"inLanguage\":\"ca\",\"potentialAction\":[{\"@type\":\"ReadAction\",\"target\":[\"https:\\\/\\\/www.sosa.cat\\\/ca\\\/seleccio-europea-cmp2026\\\/\"]}]},{\"@type\":\"ImageObject\",\"inLanguage\":\"ca\",\"@id\":\"https:\\\/\\\/www.sosa.cat\\\/ca\\\/seleccio-europea-cmp2026\\\/#primaryimage\",\"url\":\"https:\\\/\\\/www.sosa.cat\\\/wp-content\\\/uploads\\\/2025\\\/12\\\/CMP-Europa-Selection.png\",\"contentUrl\":\"https:\\\/\\\/www.sosa.cat\\\/wp-content\\\/uploads\\\/2025\\\/12\\\/CMP-Europa-Selection.png\",\"width\":1200,\"height\":800},{\"@type\":\"BreadcrumbList\",\"@id\":\"https:\\\/\\\/www.sosa.cat\\\/ca\\\/seleccio-europea-cmp2026\\\/#breadcrumb\",\"itemListElement\":[{\"@type\":\"ListItem\",\"position\":1,\"name\":\"Inici\",\"item\":\"https:\\\/\\\/www.sosa.cat\\\/ca\\\/inici\\\/\"},{\"@type\":\"ListItem\",\"position\":2,\"name\":\"blog\",\"item\":\"https:\\\/\\\/www.sosa.cat\\\/ca\\\/category\\\/blog\\\/\"},{\"@type\":\"ListItem\",\"position\":3,\"name\":\"La nostra participaci\u00f3 en la Selecci\u00f3 Europea 2026 de la Coupe du Monde de la P\u00e2tisserie\"}]},{\"@type\":\"WebSite\",\"@id\":\"https:\\\/\\\/www.sosa.cat\\\/ca\\\/#website\",\"url\":\"https:\\\/\\\/www.sosa.cat\\\/ca\\\/\",\"name\":\"Sosa Ingredients\",\"description\":\"\",\"publisher\":{\"@id\":\"https:\\\/\\\/www.sosa.cat\\\/ca\\\/#organization\"},\"potentialAction\":[{\"@type\":\"SearchAction\",\"target\":{\"@type\":\"EntryPoint\",\"urlTemplate\":\"https:\\\/\\\/www.sosa.cat\\\/ca\\\/?s={search_term_string}\"},\"query-input\":{\"@type\":\"PropertyValueSpecification\",\"valueRequired\":true,\"valueName\":\"search_term_string\"}}],\"inLanguage\":\"ca\"},{\"@type\":\"Organization\",\"@id\":\"https:\\\/\\\/www.sosa.cat\\\/ca\\\/#organization\",\"name\":\"SOSA\",\"url\":\"https:\\\/\\\/www.sosa.cat\\\/ca\\\/\",\"logo\":{\"@type\":\"ImageObject\",\"inLanguage\":\"ca\",\"@id\":\"https:\\\/\\\/www.sosa.cat\\\/ca\\\/#\\\/schema\\\/logo\\\/image\\\/\",\"url\":\"https:\\\/\\\/www.sosa.cat\\\/wp-content\\\/uploads\\\/2024\\\/11\\\/logo_sosa_big.png\",\"contentUrl\":\"https:\\\/\\\/www.sosa.cat\\\/wp-content\\\/uploads\\\/2024\\\/11\\\/logo_sosa_big.png\",\"width\":258,\"height\":260,\"caption\":\"SOSA\"},\"image\":{\"@id\":\"https:\\\/\\\/www.sosa.cat\\\/ca\\\/#\\\/schema\\\/logo\\\/image\\\/\"},\"sameAs\":[\"https:\\\/\\\/www.facebook.com\\\/SosaIngredients\\\/\",\"https:\\\/\\\/www.instagram.com\\\/sosaingredients\\\/\",\"https:\\\/\\\/www.youtube.com\\\/SosaIngredients\",\"https:\\\/\\\/www.linkedin.com\\\/company\\\/sosa-ingredients\\\/\"]},{\"@type\":\"Person\",\"@id\":\"https:\\\/\\\/www.sosa.cat\\\/ca\\\/#\\\/schema\\\/person\\\/4ed1bea25149301e66d0930276ab2e7f\",\"name\":\"gabriela.bernal\",\"image\":{\"@type\":\"ImageObject\",\"inLanguage\":\"ca\",\"@id\":\"https:\\\/\\\/secure.gravatar.com\\\/avatar\\\/6e80ba8a232ce6da0df7ce40f6df4172c84f7391469d4a31d7deac4d6e88134f?s=96&d=mm&r=g\",\"url\":\"https:\\\/\\\/secure.gravatar.com\\\/avatar\\\/6e80ba8a232ce6da0df7ce40f6df4172c84f7391469d4a31d7deac4d6e88134f?s=96&d=mm&r=g\",\"contentUrl\":\"https:\\\/\\\/secure.gravatar.com\\\/avatar\\\/6e80ba8a232ce6da0df7ce40f6df4172c84f7391469d4a31d7deac4d6e88134f?s=96&d=mm&r=g\",\"caption\":\"gabriela.bernal\"}}]}<\/script>\n<!-- \/ Yoast SEO plugin. -->","yoast_head_json":{"title":"La nostra participaci\u00f3 en la Selecci\u00f3 Europea 2026 de la Coupe du Monde de la P\u00e2tisserie - Sosa","description":"Descobriu com donem suport a la selecci\u00f3 europea a la Coupe du Monde de la P\u00e2tisserie, un esdeveniment imprescindible per a la pastisseria.","robots":{"index":"index","follow":"follow","max-snippet":"max-snippet:-1","max-image-preview":"max-image-preview:large","max-video-preview":"max-video-preview:-1"},"canonical":"https:\/\/www.sosa.cat\/ca\/seleccio-europea-cmp2026\/","og_locale":"ca_ES","og_type":"article","og_title":"La nostra participaci\u00f3 en la Selecci\u00f3 Europea 2026 de la Coupe du Monde de la P\u00e2tisserie - Sosa","og_description":"Descobriu com donem suport a la selecci\u00f3 europea a la Coupe du Monde de la P\u00e2tisserie, un esdeveniment imprescindible per a la pastisseria.","og_url":"https:\/\/www.sosa.cat\/ca\/seleccio-europea-cmp2026\/","og_site_name":"Sosa","article_publisher":"https:\/\/www.facebook.com\/SosaIngredients\/","article_published_time":"2025-12-05T11:29:43+00:00","article_modified_time":"2025-12-05T13:18:09+00:00","og_image":[{"width":1200,"height":800,"url":"https:\/\/www.sosa.cat\/wp-content\/uploads\/2025\/12\/CMP-Europa-Selection.png","type":"image\/png"}],"author":"gabriela.bernal","twitter_card":"summary_large_image","twitter_misc":{"Escrit per":"gabriela.bernal","Temps estimat de lectura":"4 minut"},"schema":{"@context":"https:\/\/schema.org","@graph":[{"@type":"Article","@id":"https:\/\/www.sosa.cat\/ca\/seleccio-europea-cmp2026\/#article","isPartOf":{"@id":"https:\/\/www.sosa.cat\/ca\/seleccio-europea-cmp2026\/"},"author":{"name":"gabriela.bernal","@id":"https:\/\/www.sosa.cat\/ca\/#\/schema\/person\/4ed1bea25149301e66d0930276ab2e7f"},"headline":"La nostra participaci\u00f3 en la Selecci\u00f3 Europea 2026 de la Coupe du Monde de la P\u00e2tisserie","datePublished":"2025-12-05T11:29:43+00:00","dateModified":"2025-12-05T13:18:09+00:00","mainEntityOfPage":{"@id":"https:\/\/www.sosa.cat\/ca\/seleccio-europea-cmp2026\/"},"wordCount":743,"commentCount":0,"publisher":{"@id":"https:\/\/www.sosa.cat\/ca\/#organization"},"image":{"@id":"https:\/\/www.sosa.cat\/ca\/seleccio-europea-cmp2026\/#primaryimage"},"thumbnailUrl":"https:\/\/www.sosa.cat\/wp-content\/uploads\/2025\/12\/CMP-Europa-Selection.png","articleSection":["blog"],"inLanguage":"ca","potentialAction":[{"@type":"CommentAction","name":"Comment","target":["https:\/\/www.sosa.cat\/ca\/seleccio-europea-cmp2026\/#respond"]}]},{"@type":"WebPage","@id":"https:\/\/www.sosa.cat\/ca\/seleccio-europea-cmp2026\/","url":"https:\/\/www.sosa.cat\/ca\/seleccio-europea-cmp2026\/","name":"La nostra participaci\u00f3 en la Selecci\u00f3 Europea 2026 de la Coupe du Monde de la P\u00e2tisserie - Sosa","isPartOf":{"@id":"https:\/\/www.sosa.cat\/ca\/#website"},"primaryImageOfPage":{"@id":"https:\/\/www.sosa.cat\/ca\/seleccio-europea-cmp2026\/#primaryimage"},"image":{"@id":"https:\/\/www.sosa.cat\/ca\/seleccio-europea-cmp2026\/#primaryimage"},"thumbnailUrl":"https:\/\/www.sosa.cat\/wp-content\/uploads\/2025\/12\/CMP-Europa-Selection.png","datePublished":"2025-12-05T11:29:43+00:00","dateModified":"2025-12-05T13:18:09+00:00","description":"Descobriu com donem suport a la selecci\u00f3 europea a la Coupe du Monde de la P\u00e2tisserie, un esdeveniment imprescindible per a la pastisseria.","breadcrumb":{"@id":"https:\/\/www.sosa.cat\/ca\/seleccio-europea-cmp2026\/#breadcrumb"},"inLanguage":"ca","potentialAction":[{"@type":"ReadAction","target":["https:\/\/www.sosa.cat\/ca\/seleccio-europea-cmp2026\/"]}]},{"@type":"ImageObject","inLanguage":"ca","@id":"https:\/\/www.sosa.cat\/ca\/seleccio-europea-cmp2026\/#primaryimage","url":"https:\/\/www.sosa.cat\/wp-content\/uploads\/2025\/12\/CMP-Europa-Selection.png","contentUrl":"https:\/\/www.sosa.cat\/wp-content\/uploads\/2025\/12\/CMP-Europa-Selection.png","width":1200,"height":800},{"@type":"BreadcrumbList","@id":"https:\/\/www.sosa.cat\/ca\/seleccio-europea-cmp2026\/#breadcrumb","itemListElement":[{"@type":"ListItem","position":1,"name":"Inici","item":"https:\/\/www.sosa.cat\/ca\/inici\/"},{"@type":"ListItem","position":2,"name":"blog","item":"https:\/\/www.sosa.cat\/ca\/category\/blog\/"},{"@type":"ListItem","position":3,"name":"La nostra participaci\u00f3 en la Selecci\u00f3 Europea 2026 de la Coupe du Monde de la P\u00e2tisserie"}]},{"@type":"WebSite","@id":"https:\/\/www.sosa.cat\/ca\/#website","url":"https:\/\/www.sosa.cat\/ca\/","name":"Sosa Ingredients","description":"","publisher":{"@id":"https:\/\/www.sosa.cat\/ca\/#organization"},"potentialAction":[{"@type":"SearchAction","target":{"@type":"EntryPoint","urlTemplate":"https:\/\/www.sosa.cat\/ca\/?s={search_term_string}"},"query-input":{"@type":"PropertyValueSpecification","valueRequired":true,"valueName":"search_term_string"}}],"inLanguage":"ca"},{"@type":"Organization","@id":"https:\/\/www.sosa.cat\/ca\/#organization","name":"SOSA","url":"https:\/\/www.sosa.cat\/ca\/","logo":{"@type":"ImageObject","inLanguage":"ca","@id":"https:\/\/www.sosa.cat\/ca\/#\/schema\/logo\/image\/","url":"https:\/\/www.sosa.cat\/wp-content\/uploads\/2024\/11\/logo_sosa_big.png","contentUrl":"https:\/\/www.sosa.cat\/wp-content\/uploads\/2024\/11\/logo_sosa_big.png","width":258,"height":260,"caption":"SOSA"},"image":{"@id":"https:\/\/www.sosa.cat\/ca\/#\/schema\/logo\/image\/"},"sameAs":["https:\/\/www.facebook.com\/SosaIngredients\/","https:\/\/www.instagram.com\/sosaingredients\/","https:\/\/www.youtube.com\/SosaIngredients","https:\/\/www.linkedin.com\/company\/sosa-ingredients\/"]},{"@type":"Person","@id":"https:\/\/www.sosa.cat\/ca\/#\/schema\/person\/4ed1bea25149301e66d0930276ab2e7f","name":"gabriela.bernal","image":{"@type":"ImageObject","inLanguage":"ca","@id":"https:\/\/secure.gravatar.com\/avatar\/6e80ba8a232ce6da0df7ce40f6df4172c84f7391469d4a31d7deac4d6e88134f?s=96&d=mm&r=g","url":"https:\/\/secure.gravatar.com\/avatar\/6e80ba8a232ce6da0df7ce40f6df4172c84f7391469d4a31d7deac4d6e88134f?s=96&d=mm&r=g","contentUrl":"https:\/\/secure.gravatar.com\/avatar\/6e80ba8a232ce6da0df7ce40f6df4172c84f7391469d4a31d7deac4d6e88134f?s=96&d=mm&r=g","caption":"gabriela.bernal"}}]}},"_links":{"self":[{"href":"https:\/\/www.sosa.cat\/ca\/wp-json\/wp\/v2\/posts\/59403","targetHints":{"allow":["GET"]}}],"collection":[{"href":"https:\/\/www.sosa.cat\/ca\/wp-json\/wp\/v2\/posts"}],"about":[{"href":"https:\/\/www.sosa.cat\/ca\/wp-json\/wp\/v2\/types\/post"}],"author":[{"embeddable":true,"href":"https:\/\/www.sosa.cat\/ca\/wp-json\/wp\/v2\/users\/7"}],"replies":[{"embeddable":true,"href":"https:\/\/www.sosa.cat\/ca\/wp-json\/wp\/v2\/comments?post=59403"}],"version-history":[{"count":0,"href":"https:\/\/www.sosa.cat\/ca\/wp-json\/wp\/v2\/posts\/59403\/revisions"}],"wp:featuredmedia":[{"embeddable":true,"href":"https:\/\/www.sosa.cat\/ca\/wp-json\/wp\/v2\/media\/57324"}],"wp:attachment":[{"href":"https:\/\/www.sosa.cat\/ca\/wp-json\/wp\/v2\/media?parent=59403"}],"wp:term":[{"taxonomy":"category","embeddable":true,"href":"https:\/\/www.sosa.cat\/ca\/wp-json\/wp\/v2\/categories?post=59403"},{"taxonomy":"post_tag","embeddable":true,"href":"https:\/\/www.sosa.cat\/ca\/wp-json\/wp\/v2\/tags?post=59403"}],"curies":[{"name":"wp","href":"https:\/\/api.w.org\/{rel}","templated":true}]}}