{"id":40442,"date":"2024-08-05T05:00:00","date_gmt":"2024-08-05T03:00:00","guid":{"rendered":"https:\/\/www.sosa.cat\/inspiracio-culinaria-destiu-descarrega-els-nostres-continguts-exclusius\/"},"modified":"2025-07-31T19:05:12","modified_gmt":"2025-07-31T17:05:12","slug":"inspiracio-culinaria-destiu-descarrega-els-nostres-continguts-exclusius","status":"publish","type":"post","link":"https:\/\/www.sosa.cat\/ca\/inspiracio-culinaria-destiu-descarrega-els-nostres-continguts-exclusius\/","title":{"rendered":"Inspiraci\u00f3 culin\u00e0ria d&#8217;estiu: descarrega els nostres continguts exclusius"},"content":{"rendered":"\n<p>A <strong>Sosa Ingredients<\/strong>, ens enorgulleix ser el teu aliat en la creaci\u00f3 de meravelles culin\u00e0ries. Sabem que la inspiraci\u00f3 i el coneixement s\u00f3n essencials per portar les teves creacions al seg\u00fcent nivell. Per aix\u00f2, aquest estiu t&#8217;oferim una selecci\u00f3 exclusiva de continguts educatius que hem desenvolupat en els darrers anys.   <\/p>\n\n<p>Aquests materials estan dissenyats per enriquir el teu coneixement i t\u00e8cnica, ajudant-te a innovar i perfeccionar les teves habilitats a la cuina. A continuaci\u00f3, et presentem les nostres lectures d&#8217;estiu imprescindibles, ideals per gaudir durant les c\u00e0lides tardes d&#8217;agost! <\/p>\n\n<figure class=\"wp-block-image size-large\"><img decoding=\"async\" src=\"https:\/\/www.sosa.cat\/wp-content\/uploads\/2024\/07\/pasteleria-vegetal-sosa-2-1024x171.png\" alt=\"\" class=\"wp-image-10987\"\/><\/figure>\n\n<h4 class=\"wp-block-heading\">Indispensables de la Pastisseria Vegetal<\/h4>\n\n<p>La <strong><mark style=\"background-color:rgba(0, 0, 0, 0);color:#00cfab\" class=\"has-inline-color\">pastisseria vegetal<\/mark><\/strong> est\u00e0 en auge i aquest recurs \u00e9s essencial per a aquells que desitgen explorar i dominar aquest camp. Descobreix ingredients i t\u00e8cniques clau que faran que els teus postres siguin tan deliciosos com saludables. <\/p>\n\n<div class=\"wp-block-buttons is-content-justification-center is-layout-flex wp-container-core-buttons-is-layout-a89b3969 wp-block-buttons-is-layout-flex\">\n<div class=\"wp-block-button\"><a class=\"wp-block-button__link wp-element-button\" href=\"https:\/\/s3i2g.mjlp.lu\/lp\/s3i2g\/Pasteleria-vegetal\" target=\"_blank\" rel=\"noreferrer noopener\">DESCARREGAR<\/a><\/div>\n<\/div>\n\n<figure class=\"wp-block-image size-large\"><img decoding=\"async\" src=\"https:\/\/www.sosa.cat\/wp-content\/uploads\/2024\/07\/fibras-sosa-1024x171.png\" alt=\"\" class=\"wp-image-10255\"\/><\/figure>\n\n<h4 class=\"wp-block-heading\">Manual de Fibres<\/h4>\n\n<p><strong><mark style=\"background-color:rgba(0, 0, 0, 0);color:#00cfab\" class=\"has-inline-color\">Les fibres<\/mark><\/strong> s\u00f3n un component crucial en la <strong>pastisseria moderna.<\/strong> Aquest manual detallat t&#8217;ensenyar\u00e0 els principals avantatges i usos de les fibres a la cuina, permetent-te millorar la textura i l&#8217;estabilitat de les teves creacions.<\/p>\n\n<div class=\"wp-block-buttons is-content-justification-center is-layout-flex wp-container-core-buttons-is-layout-a89b3969 wp-block-buttons-is-layout-flex\">\n<div class=\"wp-block-button\"><a class=\"wp-block-button__link wp-element-button\" href=\"https:\/\/s3i2g.mjlp.lu\/lp\/s3i2g\/fibras\" target=\"_blank\" rel=\"noreferrer noopener\">DESCARREGAR<\/a><\/div>\n<\/div>\n\n<figure class=\"wp-block-image size-large\"><img decoding=\"async\" src=\"https:\/\/www.sosa.cat\/wp-content\/uploads\/2024\/04\/gel-soja-gracila-sosa-1024x171.png\" alt=\"\" class=\"wp-image-7506\"\/><\/figure>\n\n<h4 class=\"wp-block-heading\">Dossier: Gracila Gel<\/h4>\n\n<p><strong><mark style=\"background-color:rgba(0, 0, 0, 0);color:#00cfab\" class=\"has-inline-color\">Gracila Gel<\/mark><\/strong> \u00e9s un gelificant vers\u00e0til amb nombroses aplicacions a la cuina. Aquest dossier inclou receptes i t\u00e8cniques per utilitzar aquest gelificant d&#8217;origen vegetal en els teus plats i postres. <\/p>\n\n<div class=\"wp-block-buttons is-content-justification-center is-layout-flex wp-container-core-buttons-is-layout-a89b3969 wp-block-buttons-is-layout-flex\">\n<div class=\"wp-block-button\"><a class=\"wp-block-button__link wp-element-button\" href=\"https:\/\/www.sosa.cat\/?sdm_process_download=1&amp;download_id=23763\" target=\"_blank\" rel=\"noreferrer noopener\">DESCARREGAR<\/a><\/div>\n<\/div>\n\n<figure class=\"wp-block-image size-large\"><img decoding=\"async\" src=\"https:\/\/www.sosa.cat\/wp-content\/uploads\/2024\/04\/helado-frambuesa-sosa-1024x171.png\" alt=\"\" class=\"wp-image-7455\"\/><\/figure>\n\n<h4 class=\"wp-block-heading\">Receptari Profiber Stab 5<\/h4>\n\n<p>Especialment dissenyat per a gelaters, aquest receptari ofereix una guia completa sobre com utilitzar <strong><mark style=\"background-color:rgba(0, 0, 0, 0);color:#00cfab\" class=\"has-inline-color\">Profiber Stab 5<\/mark><\/strong> per crear gelats perfectes en textura i sabor.<\/p>\n\n<div class=\"wp-block-buttons is-content-justification-center is-layout-flex wp-container-core-buttons-is-layout-a89b3969 wp-block-buttons-is-layout-flex\">\n<div class=\"wp-block-button\"><a class=\"wp-block-button__link wp-element-button\" href=\"https:\/\/www.sosa.cat\/?sdm_process_download=1&amp;download_id=23633\" target=\"_blank\" rel=\"noreferrer noopener\">DESCARREGAR<\/a><\/div>\n<\/div>\n\n<figure class=\"wp-block-image size-large\"><img decoding=\"async\" src=\"https:\/\/www.sosa.cat\/wp-content\/uploads\/2024\/07\/naturfoam-sosa-1024x171.png\" alt=\"\" class=\"wp-image-10980\"\/><\/figure>\n\n<h4 class=\"wp-block-heading\">Naturfoam<\/h4>\n\n<p><strong>Naturfoam<\/strong> \u00e9s un espumant d&#8217;origen vegetal que revolucionar\u00e0 les teves preparacions. Aquest receptari et mostrar\u00e0 com incorporar <strong><mark style=\"background-color:rgba(0, 0, 0, 0);color:#00cfab\" class=\"has-inline-color\">Naturfoam<\/mark><\/strong> en les teves receptes per obtenir resultats sorprenents. <\/p>\n\n<div class=\"wp-block-buttons is-content-justification-center is-layout-flex wp-container-core-buttons-is-layout-a89b3969 wp-block-buttons-is-layout-flex\">\n<div class=\"wp-block-button\"><a class=\"wp-block-button__link wp-element-button\" href=\"https:\/\/www.sosa.cat\/?sdm_process_download=1&amp;download_id=23643\" target=\"_blank\" rel=\"noreferrer noopener\">DESCARREGAR<\/a><\/div>\n<\/div>\n\n<figure class=\"wp-block-image size-large\"><img decoding=\"async\" src=\"https:\/\/www.sosa.cat\/wp-content\/uploads\/2024\/07\/mousses-sosa-1024x171.png\" alt=\"\" class=\"wp-image-10981\"\/><\/figure>\n\n<h4 class=\"wp-block-heading\">Dossier Mousses &amp; Bavaroises<\/h4>\n\n<p>Les <strong><mark style=\"background-color:rgba(0, 0, 0, 0);color:#00cfab\" class=\"has-inline-color\">mousses i bavaroises<\/mark><\/strong> s\u00f3n cl\u00e0ssics que mai passen de moda. Aquest dossier t&#8217;ofereix una evoluci\u00f3 de receptes i t\u00e8cniques per perfeccionar aquests deliciosos postres. <\/p>\n\n<div class=\"wp-block-buttons is-content-justification-center is-layout-flex wp-container-core-buttons-is-layout-a89b3969 wp-block-buttons-is-layout-flex\">\n<div class=\"wp-block-button\"><a class=\"wp-block-button__link wp-element-button\" href=\"https:\/\/www.sosa.cat\/?sdm_process_download=1&amp;download_id=23698\" target=\"_blank\" rel=\"noreferrer noopener\">DESCARREGAR<\/a><\/div>\n<\/div>\n\n<p>A <strong>Sosa Ingredients<\/strong>, estem compromesos amb el teu \u00e8xit i creativitat a la cuina. Esperem que gaudeixis d&#8217;aquestes lectures i t&#8217;inspirin a crear obres mestres culin\u00e0ries que delectin a tothom. <\/p>\n\n<p class=\"has-text-align-right\">Feli\u00e7 lectura i felices creacions!<\/p>\n","protected":false},"excerpt":{"rendered":"<p>A Sosa Ingredients, ens enorgulleix ser el teu aliat en la creaci\u00f3 de meravelles culin\u00e0ries. Sabem que la inspiraci\u00f3 i el coneixement s\u00f3n essencials per portar les teves creacions al seg\u00fcent nivell. Per aix\u00f2, aquest estiu t&#8217;oferim una selecci\u00f3 exclusiva de continguts educatius que hem desenvolupat en els darrers anys. Aquests materials estan dissenyats per [&hellip;]<\/p>\n","protected":false},"author":4,"featured_media":40444,"comment_status":"open","ping_status":"open","sticky":false,"template":"","format":"standard","meta":{"_acf_changed":false,"inline_featured_image":false,"footnotes":""},"categories":[963],"tags":[],"class_list":["post-40442","post","type-post","status-publish","format-standard","has-post-thumbnail","hentry","category-blog"],"acf":[],"yoast_head":"<!-- This site is optimized with the Yoast SEO plugin v27.4 - https:\/\/yoast.com\/product\/yoast-seo-wordpress\/ -->\n<title>Inspiraci\u00f3 culin\u00e0ria d&#039;estiu: descarrega els nostres continguts exclusius - Sosa<\/title>\n<meta name=\"description\" content=\"Aquest estiu t&#039;oferim una selecci\u00f3 exclusiva de continguts educatius que hem desenvolupat en els darrers anys.\" \/>\n<meta name=\"robots\" content=\"index, follow, max-snippet:-1, max-image-preview:large, max-video-preview:-1\" \/>\n<link rel=\"canonical\" href=\"https:\/\/www.sosa.cat\/ca\/inspiracio-culinaria-destiu-descarrega-els-nostres-continguts-exclusius\/\" \/>\n<meta property=\"og:locale\" content=\"ca_ES\" \/>\n<meta property=\"og:type\" content=\"article\" \/>\n<meta property=\"og:title\" content=\"Inspiraci\u00f3 culin\u00e0ria d&#039;estiu: descarrega els nostres continguts exclusius - Sosa\" \/>\n<meta property=\"og:description\" content=\"Aquest estiu t&#039;oferim una selecci\u00f3 exclusiva de continguts educatius que hem desenvolupat en els darrers anys.\" \/>\n<meta property=\"og:url\" content=\"https:\/\/www.sosa.cat\/ca\/inspiracio-culinaria-destiu-descarrega-els-nostres-continguts-exclusius\/\" \/>\n<meta property=\"og:site_name\" content=\"Sosa\" \/>\n<meta property=\"article:publisher\" content=\"https:\/\/www.facebook.com\/SosaIngredients\/\" \/>\n<meta property=\"article:published_time\" content=\"2024-08-05T03:00:00+00:00\" \/>\n<meta property=\"article:modified_time\" content=\"2025-07-31T17:05:12+00:00\" \/>\n<meta property=\"og:image\" content=\"https:\/\/www.sosa.cat\/wp-content\/uploads\/2025\/01\/summer-dossiers-sosa.png\" \/>\n\t<meta property=\"og:image:width\" content=\"1200\" \/>\n\t<meta property=\"og:image:height\" content=\"1800\" \/>\n\t<meta property=\"og:image:type\" content=\"image\/png\" \/>\n<meta name=\"author\" content=\"Gabriela Bernal\" \/>\n<meta name=\"twitter:card\" content=\"summary_large_image\" \/>\n<meta name=\"twitter:label1\" content=\"Escrit per\" \/>\n\t<meta name=\"twitter:data1\" content=\"Gabriela Bernal\" \/>\n\t<meta name=\"twitter:label2\" content=\"Temps estimat de lectura\" \/>\n\t<meta name=\"twitter:data2\" content=\"2 minut\" \/>\n<script type=\"application\/ld+json\" class=\"yoast-schema-graph\">{\"@context\":\"https:\\\/\\\/schema.org\",\"@graph\":[{\"@type\":\"Article\",\"@id\":\"https:\\\/\\\/www.sosa.cat\\\/ca\\\/inspiracio-culinaria-destiu-descarrega-els-nostres-continguts-exclusius\\\/#article\",\"isPartOf\":{\"@id\":\"https:\\\/\\\/www.sosa.cat\\\/ca\\\/inspiracio-culinaria-destiu-descarrega-els-nostres-continguts-exclusius\\\/\"},\"author\":{\"name\":\"Gabriela Bernal\",\"@id\":\"https:\\\/\\\/www.sosa.cat\\\/ca\\\/#\\\/schema\\\/person\\\/daa82f5ad69edbec801e1794148317f1\"},\"headline\":\"Inspiraci\u00f3 culin\u00e0ria d&#8217;estiu: descarrega els nostres continguts exclusius\",\"datePublished\":\"2024-08-05T03:00:00+00:00\",\"dateModified\":\"2025-07-31T17:05:12+00:00\",\"mainEntityOfPage\":{\"@id\":\"https:\\\/\\\/www.sosa.cat\\\/ca\\\/inspiracio-culinaria-destiu-descarrega-els-nostres-continguts-exclusius\\\/\"},\"wordCount\":359,\"commentCount\":0,\"publisher\":{\"@id\":\"https:\\\/\\\/www.sosa.cat\\\/ca\\\/#organization\"},\"image\":{\"@id\":\"https:\\\/\\\/www.sosa.cat\\\/ca\\\/inspiracio-culinaria-destiu-descarrega-els-nostres-continguts-exclusius\\\/#primaryimage\"},\"thumbnailUrl\":\"https:\\\/\\\/www.sosa.cat\\\/wp-content\\\/uploads\\\/2025\\\/01\\\/summer-dossiers-sosa.png\",\"articleSection\":[\"blog\"],\"inLanguage\":\"ca\",\"potentialAction\":[{\"@type\":\"CommentAction\",\"name\":\"Comment\",\"target\":[\"https:\\\/\\\/www.sosa.cat\\\/ca\\\/inspiracio-culinaria-destiu-descarrega-els-nostres-continguts-exclusius\\\/#respond\"]}]},{\"@type\":\"WebPage\",\"@id\":\"https:\\\/\\\/www.sosa.cat\\\/ca\\\/inspiracio-culinaria-destiu-descarrega-els-nostres-continguts-exclusius\\\/\",\"url\":\"https:\\\/\\\/www.sosa.cat\\\/ca\\\/inspiracio-culinaria-destiu-descarrega-els-nostres-continguts-exclusius\\\/\",\"name\":\"Inspiraci\u00f3 culin\u00e0ria d'estiu: descarrega els nostres continguts exclusius - Sosa\",\"isPartOf\":{\"@id\":\"https:\\\/\\\/www.sosa.cat\\\/ca\\\/#website\"},\"primaryImageOfPage\":{\"@id\":\"https:\\\/\\\/www.sosa.cat\\\/ca\\\/inspiracio-culinaria-destiu-descarrega-els-nostres-continguts-exclusius\\\/#primaryimage\"},\"image\":{\"@id\":\"https:\\\/\\\/www.sosa.cat\\\/ca\\\/inspiracio-culinaria-destiu-descarrega-els-nostres-continguts-exclusius\\\/#primaryimage\"},\"thumbnailUrl\":\"https:\\\/\\\/www.sosa.cat\\\/wp-content\\\/uploads\\\/2025\\\/01\\\/summer-dossiers-sosa.png\",\"datePublished\":\"2024-08-05T03:00:00+00:00\",\"dateModified\":\"2025-07-31T17:05:12+00:00\",\"description\":\"Aquest estiu t'oferim una selecci\u00f3 exclusiva de continguts educatius que hem desenvolupat en els darrers anys.\",\"breadcrumb\":{\"@id\":\"https:\\\/\\\/www.sosa.cat\\\/ca\\\/inspiracio-culinaria-destiu-descarrega-els-nostres-continguts-exclusius\\\/#breadcrumb\"},\"inLanguage\":\"ca\",\"potentialAction\":[{\"@type\":\"ReadAction\",\"target\":[\"https:\\\/\\\/www.sosa.cat\\\/ca\\\/inspiracio-culinaria-destiu-descarrega-els-nostres-continguts-exclusius\\\/\"]}]},{\"@type\":\"ImageObject\",\"inLanguage\":\"ca\",\"@id\":\"https:\\\/\\\/www.sosa.cat\\\/ca\\\/inspiracio-culinaria-destiu-descarrega-els-nostres-continguts-exclusius\\\/#primaryimage\",\"url\":\"https:\\\/\\\/www.sosa.cat\\\/wp-content\\\/uploads\\\/2025\\\/01\\\/summer-dossiers-sosa.png\",\"contentUrl\":\"https:\\\/\\\/www.sosa.cat\\\/wp-content\\\/uploads\\\/2025\\\/01\\\/summer-dossiers-sosa.png\",\"width\":1200,\"height\":1800},{\"@type\":\"BreadcrumbList\",\"@id\":\"https:\\\/\\\/www.sosa.cat\\\/ca\\\/inspiracio-culinaria-destiu-descarrega-els-nostres-continguts-exclusius\\\/#breadcrumb\",\"itemListElement\":[{\"@type\":\"ListItem\",\"position\":1,\"name\":\"Inici\",\"item\":\"https:\\\/\\\/www.sosa.cat\\\/ca\\\/inici\\\/\"},{\"@type\":\"ListItem\",\"position\":2,\"name\":\"blog\",\"item\":\"https:\\\/\\\/www.sosa.cat\\\/ca\\\/category\\\/blog\\\/\"},{\"@type\":\"ListItem\",\"position\":3,\"name\":\"Inspiraci\u00f3 culin\u00e0ria d&#8217;estiu: descarrega els nostres continguts exclusius\"}]},{\"@type\":\"WebSite\",\"@id\":\"https:\\\/\\\/www.sosa.cat\\\/ca\\\/#website\",\"url\":\"https:\\\/\\\/www.sosa.cat\\\/ca\\\/\",\"name\":\"Sosa Ingredients\",\"description\":\"\",\"publisher\":{\"@id\":\"https:\\\/\\\/www.sosa.cat\\\/ca\\\/#organization\"},\"potentialAction\":[{\"@type\":\"SearchAction\",\"target\":{\"@type\":\"EntryPoint\",\"urlTemplate\":\"https:\\\/\\\/www.sosa.cat\\\/ca\\\/?s={search_term_string}\"},\"query-input\":{\"@type\":\"PropertyValueSpecification\",\"valueRequired\":true,\"valueName\":\"search_term_string\"}}],\"inLanguage\":\"ca\"},{\"@type\":\"Organization\",\"@id\":\"https:\\\/\\\/www.sosa.cat\\\/ca\\\/#organization\",\"name\":\"SOSA\",\"url\":\"https:\\\/\\\/www.sosa.cat\\\/ca\\\/\",\"logo\":{\"@type\":\"ImageObject\",\"inLanguage\":\"ca\",\"@id\":\"https:\\\/\\\/www.sosa.cat\\\/ca\\\/#\\\/schema\\\/logo\\\/image\\\/\",\"url\":\"https:\\\/\\\/www.sosa.cat\\\/wp-content\\\/uploads\\\/2024\\\/11\\\/logo_sosa_big.png\",\"contentUrl\":\"https:\\\/\\\/www.sosa.cat\\\/wp-content\\\/uploads\\\/2024\\\/11\\\/logo_sosa_big.png\",\"width\":258,\"height\":260,\"caption\":\"SOSA\"},\"image\":{\"@id\":\"https:\\\/\\\/www.sosa.cat\\\/ca\\\/#\\\/schema\\\/logo\\\/image\\\/\"},\"sameAs\":[\"https:\\\/\\\/www.facebook.com\\\/SosaIngredients\\\/\",\"https:\\\/\\\/www.instagram.com\\\/sosaingredients\\\/\",\"https:\\\/\\\/www.youtube.com\\\/SosaIngredients\",\"https:\\\/\\\/www.linkedin.com\\\/company\\\/sosa-ingredients\\\/\"]},{\"@type\":\"Person\",\"@id\":\"https:\\\/\\\/www.sosa.cat\\\/ca\\\/#\\\/schema\\\/person\\\/daa82f5ad69edbec801e1794148317f1\",\"name\":\"Gabriela Bernal\",\"image\":{\"@type\":\"ImageObject\",\"inLanguage\":\"ca\",\"@id\":\"https:\\\/\\\/secure.gravatar.com\\\/avatar\\\/0e58a836e4f48e411081e605dc06e99656d03d91b66f5601c1610e141411ff71?s=96&d=mm&r=g\",\"url\":\"https:\\\/\\\/secure.gravatar.com\\\/avatar\\\/0e58a836e4f48e411081e605dc06e99656d03d91b66f5601c1610e141411ff71?s=96&d=mm&r=g\",\"contentUrl\":\"https:\\\/\\\/secure.gravatar.com\\\/avatar\\\/0e58a836e4f48e411081e605dc06e99656d03d91b66f5601c1610e141411ff71?s=96&d=mm&r=g\",\"caption\":\"Gabriela Bernal\"}}]}<\/script>\n<!-- \/ Yoast SEO plugin. -->","yoast_head_json":{"title":"Inspiraci\u00f3 culin\u00e0ria d'estiu: descarrega els nostres continguts exclusius - Sosa","description":"Aquest estiu t'oferim una selecci\u00f3 exclusiva de continguts educatius que hem desenvolupat en els darrers anys.","robots":{"index":"index","follow":"follow","max-snippet":"max-snippet:-1","max-image-preview":"max-image-preview:large","max-video-preview":"max-video-preview:-1"},"canonical":"https:\/\/www.sosa.cat\/ca\/inspiracio-culinaria-destiu-descarrega-els-nostres-continguts-exclusius\/","og_locale":"ca_ES","og_type":"article","og_title":"Inspiraci\u00f3 culin\u00e0ria d'estiu: descarrega els nostres continguts exclusius - Sosa","og_description":"Aquest estiu t'oferim una selecci\u00f3 exclusiva de continguts educatius que hem desenvolupat en els darrers anys.","og_url":"https:\/\/www.sosa.cat\/ca\/inspiracio-culinaria-destiu-descarrega-els-nostres-continguts-exclusius\/","og_site_name":"Sosa","article_publisher":"https:\/\/www.facebook.com\/SosaIngredients\/","article_published_time":"2024-08-05T03:00:00+00:00","article_modified_time":"2025-07-31T17:05:12+00:00","og_image":[{"width":1200,"height":1800,"url":"https:\/\/www.sosa.cat\/wp-content\/uploads\/2025\/01\/summer-dossiers-sosa.png","type":"image\/png"}],"author":"Gabriela Bernal","twitter_card":"summary_large_image","twitter_misc":{"Escrit per":"Gabriela Bernal","Temps estimat de lectura":"2 minut"},"schema":{"@context":"https:\/\/schema.org","@graph":[{"@type":"Article","@id":"https:\/\/www.sosa.cat\/ca\/inspiracio-culinaria-destiu-descarrega-els-nostres-continguts-exclusius\/#article","isPartOf":{"@id":"https:\/\/www.sosa.cat\/ca\/inspiracio-culinaria-destiu-descarrega-els-nostres-continguts-exclusius\/"},"author":{"name":"Gabriela Bernal","@id":"https:\/\/www.sosa.cat\/ca\/#\/schema\/person\/daa82f5ad69edbec801e1794148317f1"},"headline":"Inspiraci\u00f3 culin\u00e0ria d&#8217;estiu: descarrega els nostres continguts exclusius","datePublished":"2024-08-05T03:00:00+00:00","dateModified":"2025-07-31T17:05:12+00:00","mainEntityOfPage":{"@id":"https:\/\/www.sosa.cat\/ca\/inspiracio-culinaria-destiu-descarrega-els-nostres-continguts-exclusius\/"},"wordCount":359,"commentCount":0,"publisher":{"@id":"https:\/\/www.sosa.cat\/ca\/#organization"},"image":{"@id":"https:\/\/www.sosa.cat\/ca\/inspiracio-culinaria-destiu-descarrega-els-nostres-continguts-exclusius\/#primaryimage"},"thumbnailUrl":"https:\/\/www.sosa.cat\/wp-content\/uploads\/2025\/01\/summer-dossiers-sosa.png","articleSection":["blog"],"inLanguage":"ca","potentialAction":[{"@type":"CommentAction","name":"Comment","target":["https:\/\/www.sosa.cat\/ca\/inspiracio-culinaria-destiu-descarrega-els-nostres-continguts-exclusius\/#respond"]}]},{"@type":"WebPage","@id":"https:\/\/www.sosa.cat\/ca\/inspiracio-culinaria-destiu-descarrega-els-nostres-continguts-exclusius\/","url":"https:\/\/www.sosa.cat\/ca\/inspiracio-culinaria-destiu-descarrega-els-nostres-continguts-exclusius\/","name":"Inspiraci\u00f3 culin\u00e0ria d'estiu: descarrega els nostres continguts exclusius - Sosa","isPartOf":{"@id":"https:\/\/www.sosa.cat\/ca\/#website"},"primaryImageOfPage":{"@id":"https:\/\/www.sosa.cat\/ca\/inspiracio-culinaria-destiu-descarrega-els-nostres-continguts-exclusius\/#primaryimage"},"image":{"@id":"https:\/\/www.sosa.cat\/ca\/inspiracio-culinaria-destiu-descarrega-els-nostres-continguts-exclusius\/#primaryimage"},"thumbnailUrl":"https:\/\/www.sosa.cat\/wp-content\/uploads\/2025\/01\/summer-dossiers-sosa.png","datePublished":"2024-08-05T03:00:00+00:00","dateModified":"2025-07-31T17:05:12+00:00","description":"Aquest estiu t'oferim una selecci\u00f3 exclusiva de continguts educatius que hem desenvolupat en els darrers anys.","breadcrumb":{"@id":"https:\/\/www.sosa.cat\/ca\/inspiracio-culinaria-destiu-descarrega-els-nostres-continguts-exclusius\/#breadcrumb"},"inLanguage":"ca","potentialAction":[{"@type":"ReadAction","target":["https:\/\/www.sosa.cat\/ca\/inspiracio-culinaria-destiu-descarrega-els-nostres-continguts-exclusius\/"]}]},{"@type":"ImageObject","inLanguage":"ca","@id":"https:\/\/www.sosa.cat\/ca\/inspiracio-culinaria-destiu-descarrega-els-nostres-continguts-exclusius\/#primaryimage","url":"https:\/\/www.sosa.cat\/wp-content\/uploads\/2025\/01\/summer-dossiers-sosa.png","contentUrl":"https:\/\/www.sosa.cat\/wp-content\/uploads\/2025\/01\/summer-dossiers-sosa.png","width":1200,"height":1800},{"@type":"BreadcrumbList","@id":"https:\/\/www.sosa.cat\/ca\/inspiracio-culinaria-destiu-descarrega-els-nostres-continguts-exclusius\/#breadcrumb","itemListElement":[{"@type":"ListItem","position":1,"name":"Inici","item":"https:\/\/www.sosa.cat\/ca\/inici\/"},{"@type":"ListItem","position":2,"name":"blog","item":"https:\/\/www.sosa.cat\/ca\/category\/blog\/"},{"@type":"ListItem","position":3,"name":"Inspiraci\u00f3 culin\u00e0ria d&#8217;estiu: descarrega els nostres continguts exclusius"}]},{"@type":"WebSite","@id":"https:\/\/www.sosa.cat\/ca\/#website","url":"https:\/\/www.sosa.cat\/ca\/","name":"Sosa Ingredients","description":"","publisher":{"@id":"https:\/\/www.sosa.cat\/ca\/#organization"},"potentialAction":[{"@type":"SearchAction","target":{"@type":"EntryPoint","urlTemplate":"https:\/\/www.sosa.cat\/ca\/?s={search_term_string}"},"query-input":{"@type":"PropertyValueSpecification","valueRequired":true,"valueName":"search_term_string"}}],"inLanguage":"ca"},{"@type":"Organization","@id":"https:\/\/www.sosa.cat\/ca\/#organization","name":"SOSA","url":"https:\/\/www.sosa.cat\/ca\/","logo":{"@type":"ImageObject","inLanguage":"ca","@id":"https:\/\/www.sosa.cat\/ca\/#\/schema\/logo\/image\/","url":"https:\/\/www.sosa.cat\/wp-content\/uploads\/2024\/11\/logo_sosa_big.png","contentUrl":"https:\/\/www.sosa.cat\/wp-content\/uploads\/2024\/11\/logo_sosa_big.png","width":258,"height":260,"caption":"SOSA"},"image":{"@id":"https:\/\/www.sosa.cat\/ca\/#\/schema\/logo\/image\/"},"sameAs":["https:\/\/www.facebook.com\/SosaIngredients\/","https:\/\/www.instagram.com\/sosaingredients\/","https:\/\/www.youtube.com\/SosaIngredients","https:\/\/www.linkedin.com\/company\/sosa-ingredients\/"]},{"@type":"Person","@id":"https:\/\/www.sosa.cat\/ca\/#\/schema\/person\/daa82f5ad69edbec801e1794148317f1","name":"Gabriela Bernal","image":{"@type":"ImageObject","inLanguage":"ca","@id":"https:\/\/secure.gravatar.com\/avatar\/0e58a836e4f48e411081e605dc06e99656d03d91b66f5601c1610e141411ff71?s=96&d=mm&r=g","url":"https:\/\/secure.gravatar.com\/avatar\/0e58a836e4f48e411081e605dc06e99656d03d91b66f5601c1610e141411ff71?s=96&d=mm&r=g","contentUrl":"https:\/\/secure.gravatar.com\/avatar\/0e58a836e4f48e411081e605dc06e99656d03d91b66f5601c1610e141411ff71?s=96&d=mm&r=g","caption":"Gabriela Bernal"}}]}},"_links":{"self":[{"href":"https:\/\/www.sosa.cat\/ca\/wp-json\/wp\/v2\/posts\/40442","targetHints":{"allow":["GET"]}}],"collection":[{"href":"https:\/\/www.sosa.cat\/ca\/wp-json\/wp\/v2\/posts"}],"about":[{"href":"https:\/\/www.sosa.cat\/ca\/wp-json\/wp\/v2\/types\/post"}],"author":[{"embeddable":true,"href":"https:\/\/www.sosa.cat\/ca\/wp-json\/wp\/v2\/users\/4"}],"replies":[{"embeddable":true,"href":"https:\/\/www.sosa.cat\/ca\/wp-json\/wp\/v2\/comments?post=40442"}],"version-history":[{"count":0,"href":"https:\/\/www.sosa.cat\/ca\/wp-json\/wp\/v2\/posts\/40442\/revisions"}],"wp:featuredmedia":[{"embeddable":true,"href":"https:\/\/www.sosa.cat\/ca\/wp-json\/wp\/v2\/media\/40444"}],"wp:attachment":[{"href":"https:\/\/www.sosa.cat\/ca\/wp-json\/wp\/v2\/media?parent=40442"}],"wp:term":[{"taxonomy":"category","embeddable":true,"href":"https:\/\/www.sosa.cat\/ca\/wp-json\/wp\/v2\/categories?post=40442"},{"taxonomy":"post_tag","embeddable":true,"href":"https:\/\/www.sosa.cat\/ca\/wp-json\/wp\/v2\/tags?post=40442"}],"curies":[{"name":"wp","href":"https:\/\/api.w.org\/{rel}","templated":true}]}}